{"id":202,"date":"2025-06-16T09:24:03","date_gmt":"2025-06-16T09:24:03","guid":{"rendered":"https:\/\/treblinka.gis.stronazen.pl\/?p=202"},"modified":"2026-01-29T09:36:24","modified_gmt":"2026-01-29T09:36:24","slug":"europejskie-dni-archeologii-spotkanie-w-kole-klub-seniora-trzecia-zmiana","status":"publish","type":"post","link":"https:\/\/treblinka.gis.stronazen.pl\/index.php\/2025\/06\/16\/europejskie-dni-archeologii-spotkanie-w-kole-klub-seniora-trzecia-zmiana\/","title":{"rendered":"Europejskie Dni Archeologii \u2013 spotkanie w Kole (Klub Seniora \u201eTrzecia Zmiana\u201d)"},"content":{"rendered":"\n<p class=\"wp-block-paragraph\">W ramach obchod\u00f3w <strong>Europejskich Dni Archeologii<\/strong> odby\u0142o si\u0119 spotkanie (12.06.2025) popularyzuj\u0105ce wyniki bada\u0144 nad miejscami pami\u0119ci z okresu II wojny \u015bwiatowej, zorganizowane dla <strong>Stowarzyszenia Klub Seniora \u201eTrzecia Zmiana\u201d w Kole<\/strong>. Tematem prelekcji by\u0142o: <em>\u201eWielo\u017ar\u00f3d\u0142owe dane przestrzenne w analizie topografii oboz\u00f3w zag\u0142ady z okres\u00f3w II wojny \u015bwiatowej\u201d<\/em>.<\/p>\n\n\n\n<p class=\"wp-block-paragraph\">Podczas wyst\u0105pienia om\u00f3wiono, w jaki spos\u00f3b \u0142\u0105czy si\u0119 r\u00f3\u017cne typy danych \u2013 m.in. <strong>archiwalne zdj\u0119cia lotnicze, wsp\u00f3\u0142czesne ortofotomapy, dane LiDAR, pomiary terenowe (GNSS\/UAV) oraz wyniki bada\u0144 nieinwazyjnych<\/strong> \u2013 aby mo\u017cliwie precyzyjnie odtworzy\u0107 historyczn\u0105 topografi\u0119 i uk\u0142ad przestrzenny teren\u00f3w poobozowych. Zwr\u00f3cono uwag\u0119 na znaczenie pracy interdyscyplinarnej, rygoru dokumentacyjnego oraz etycznych zasad prowadzenia bada\u0144 w miejscach szczeg\u00f3lnie wra\u017cliwych, gdzie priorytetem jest <strong>ochrona dziedzictwa i szacunek dla ofiar<\/strong>.<\/p>\n\n\n\n<p class=\"wp-block-paragraph\">Spotkanie mia\u0142o charakter otwarty i edukacyjny \u2013 obok cz\u0119\u015bci prezentacyjnej znalaz\u0142 si\u0119 czas na pytania i dyskusj\u0119, dotycz\u0105c\u0105 zar\u00f3wno metod badawczych, jak i roli nowoczesnych technologii w rzetelnym opisywaniu oraz upami\u0119tnianiu historii.<\/p>\n","protected":false},"excerpt":{"rendered":"<p>W ramach obchod\u00f3w Europejskich Dni Archeologii odby\u0142o si\u0119 spotkanie (12.06.2025) popularyzuj\u0105ce wyniki bada\u0144 nad miejscami pami\u0119ci z okresu II wojny \u015bwiatowej, zorganizowane dla Stowarzyszenia Klub Seniora \u201eTrzecia Zmiana\u201d w Kole. Tematem prelekcji by\u0142o: \u201eWielo\u017ar\u00f3d\u0142owe dane przestrzenne w analizie topografii oboz\u00f3w zag\u0142ady z okres\u00f3w II wojny \u015bwiatowej\u201d. Podczas wyst\u0105pienia om\u00f3wiono, w jaki spos\u00f3b \u0142\u0105czy si\u0119 r\u00f3\u017cne [&hellip;]<\/p>\n","protected":false},"author":1,"featured_media":0,"comment_status":"closed","ping_status":"open","sticky":false,"template":"","format":"standard","meta":{"footnotes":""},"categories":[8],"tags":[],"class_list":["post-202","post","type-post","status-publish","format-standard","hentry","category-wydarzenia"],"_links":{"self":[{"href":"https:\/\/treblinka.gis.stronazen.pl\/index.php\/wp-json\/wp\/v2\/posts\/202","targetHints":{"allow":["GET"]}}],"collection":[{"href":"https:\/\/treblinka.gis.stronazen.pl\/index.php\/wp-json\/wp\/v2\/posts"}],"about":[{"href":"https:\/\/treblinka.gis.stronazen.pl\/index.php\/wp-json\/wp\/v2\/types\/post"}],"author":[{"embeddable":true,"href":"https:\/\/treblinka.gis.stronazen.pl\/index.php\/wp-json\/wp\/v2\/users\/1"}],"replies":[{"embeddable":true,"href":"https:\/\/treblinka.gis.stronazen.pl\/index.php\/wp-json\/wp\/v2\/comments?post=202"}],"version-history":[{"count":1,"href":"https:\/\/treblinka.gis.stronazen.pl\/index.php\/wp-json\/wp\/v2\/posts\/202\/revisions"}],"predecessor-version":[{"id":203,"href":"https:\/\/treblinka.gis.stronazen.pl\/index.php\/wp-json\/wp\/v2\/posts\/202\/revisions\/203"}],"wp:attachment":[{"href":"https:\/\/treblinka.gis.stronazen.pl\/index.php\/wp-json\/wp\/v2\/media?parent=202"}],"wp:term":[{"taxonomy":"category","embeddable":true,"href":"https:\/\/treblinka.gis.stronazen.pl\/index.php\/wp-json\/wp\/v2\/categories?post=202"},{"taxonomy":"post_tag","embeddable":true,"href":"https:\/\/treblinka.gis.stronazen.pl\/index.php\/wp-json\/wp\/v2\/tags?post=202"}],"curies":[{"name":"wp","href":"https:\/\/api.w.org\/{rel}","templated":true}]}}