{"id":209,"date":"2025-11-28T09:31:37","date_gmt":"2025-11-28T09:31:37","guid":{"rendered":"https:\/\/treblinka.gis.stronazen.pl\/?p=209"},"modified":"2026-01-29T09:36:07","modified_gmt":"2026-01-29T09:36:07","slug":"2-1-42-posiedzenie-miedzynarodowej-rady-oswiecimskiej-18-19-listopada-2025","status":"publish","type":"post","link":"https:\/\/treblinka.gis.stronazen.pl\/index.php\/2025\/11\/28\/2-1-42-posiedzenie-miedzynarodowej-rady-oswiecimskiej-18-19-listopada-2025\/","title":{"rendered":"42. posiedzenie Mi\u0119dzynarodowej Rady O\u015bwi\u0119cimskiej (18\u201319 listopada 2025)"},"content":{"rendered":"\n<p class=\"wp-block-paragraph\">W listopadzie 2025 r. najnowsze wyniki bada\u0144 z Treblinki zosta\u0142y przedstawione w trakcie 42. posiedzenia Mi\u0119dzynarodowej Rady O\u015bwi\u0119cimskiej (MRO) w Muzeum Auschwitz-Birkenau (18\u201319 listopada 2025 r.). Dzia\u0142anie to mia\u0142o charakter promocyjno-ekspercki: komunikacja rezultat\u00f3w w gronie instytucji i specjalist\u00f3w odpowiedzialnych za ochron\u0119 i zagospodarowanie Pomnik\u00f3w Zag\u0142ady umo\u017cliwia ich om\u00f3wienie, konsultacj\u0119 oraz osadzenie w szerszym kontek\u015bcie dobrych praktyk zarz\u0105dzania miejscami pami\u0119ci. W oficjalnych komunikatach zwi\u0105zanych z posiedzeniem odnotowano m.in. om\u00f3wienie post\u0119p\u00f3w prac przy tworzeniu nowego budynku muzealnego na terenie by\u0142ego niemieckiego o\u015brodka zag\u0142ady w Treblince. Prezentacja wynik\u00f3w bada\u0144 z 2025 r. (S. R\u00f3\u017cycki) wpisywa\u0142a si\u0119 w cel wspierania merytorycznej podstawy dzia\u0142a\u0144 muzealnych i edukacyjnych. Wymiar promocyjny polega\u0142 tu nie na \u201enag\u0142a\u015bnianiu\u201d rezultat\u00f3w, lecz na ich profesjonalnym przedstawieniu i uzasadnieniu metodycznym w \u015brodowisku, w kt\u00f3rym kluczowe s\u0105 wiarygodno\u015b\u0107 \u017ar\u00f3de\u0142, transparentno\u015b\u0107 procedur i standardy etyczne.<\/p>\n","protected":false},"excerpt":{"rendered":"<p>W listopadzie 2025 r. najnowsze wyniki bada\u0144 z Treblinki zosta\u0142y przedstawione w trakcie 42. posiedzenia Mi\u0119dzynarodowej Rady O\u015bwi\u0119cimskiej (MRO) w Muzeum Auschwitz-Birkenau (18\u201319 listopada 2025 r.). Dzia\u0142anie to mia\u0142o charakter promocyjno-ekspercki: komunikacja rezultat\u00f3w w gronie instytucji i specjalist\u00f3w odpowiedzialnych za ochron\u0119 i zagospodarowanie Pomnik\u00f3w Zag\u0142ady umo\u017cliwia ich om\u00f3wienie, konsultacj\u0119 oraz osadzenie w szerszym kontek\u015bcie dobrych [&hellip;]<\/p>\n","protected":false},"author":1,"featured_media":0,"comment_status":"closed","ping_status":"open","sticky":false,"template":"","format":"standard","meta":{"footnotes":""},"categories":[8],"tags":[],"class_list":["post-209","post","type-post","status-publish","format-standard","hentry","category-wydarzenia"],"_links":{"self":[{"href":"https:\/\/treblinka.gis.stronazen.pl\/index.php\/wp-json\/wp\/v2\/posts\/209","targetHints":{"allow":["GET"]}}],"collection":[{"href":"https:\/\/treblinka.gis.stronazen.pl\/index.php\/wp-json\/wp\/v2\/posts"}],"about":[{"href":"https:\/\/treblinka.gis.stronazen.pl\/index.php\/wp-json\/wp\/v2\/types\/post"}],"author":[{"embeddable":true,"href":"https:\/\/treblinka.gis.stronazen.pl\/index.php\/wp-json\/wp\/v2\/users\/1"}],"replies":[{"embeddable":true,"href":"https:\/\/treblinka.gis.stronazen.pl\/index.php\/wp-json\/wp\/v2\/comments?post=209"}],"version-history":[{"count":2,"href":"https:\/\/treblinka.gis.stronazen.pl\/index.php\/wp-json\/wp\/v2\/posts\/209\/revisions"}],"predecessor-version":[{"id":211,"href":"https:\/\/treblinka.gis.stronazen.pl\/index.php\/wp-json\/wp\/v2\/posts\/209\/revisions\/211"}],"wp:attachment":[{"href":"https:\/\/treblinka.gis.stronazen.pl\/index.php\/wp-json\/wp\/v2\/media?parent=209"}],"wp:term":[{"taxonomy":"category","embeddable":true,"href":"https:\/\/treblinka.gis.stronazen.pl\/index.php\/wp-json\/wp\/v2\/categories?post=209"},{"taxonomy":"post_tag","embeddable":true,"href":"https:\/\/treblinka.gis.stronazen.pl\/index.php\/wp-json\/wp\/v2\/tags?post=209"}],"curies":[{"name":"wp","href":"https:\/\/api.w.org\/{rel}","templated":true}]}}